{"id":139,"date":"2017-11-18T21:18:05","date_gmt":"2017-11-18T20:18:05","guid":{"rendered":"https:\/\/esperanto-gironde.fr\/?p=139"},"modified":"2023-12-19T18:34:13","modified_gmt":"2023-12-19T17:34:13","slug":"100eme-anniversaire-de-la-mort-de-zamenhof","status":"publish","type":"post","link":"https:\/\/esperanto-gironde.fr\/eo\/2017\/11\/100eme-anniversaire-de-la-mort-de-zamenhof\/","title":{"rendered":"100\u00e8me anniversaire de la mort de ZAMENHOF"},"content":{"rendered":"<p>au Centre Yavn\u00e9 rue Thiac \u00e0 Bordeaux,\u00a0<strong>mercredi 23 novembre 2017 \u00e0 19h30<\/strong>\u00a0par Christian Lavarenne<\/p>\n<h1>A L&#8217;UNESCO \u00e0 PARIS<\/h1>\n<p><span style=\"font-size: 1rem;\">L&#8217;Unesco \u00e0 Paris \u00a0organise une journ\u00e9e Sp\u00e9ciale \u00a0le \u00a0<strong>lundi 11 d\u00e9cembre 2017 <\/strong>pour cl\u00f4turer l&#8217;ann\u00e9e Zamenhof. Il sera question, en particulier de la version du Courrier de l&#8217;Unesco en esp\u00e9ranto.\u00a0<\/span><\/p>\n<p>https:\/\/esperanto-france.org\/annee-zamenhof<\/p>\n","protected":false},"excerpt":{"rendered":"<p>au Centre Yavn\u00e9 rue Thiac \u00e0 Bordeaux,\u00a0mercredi 23 novembre 2017 \u00e0 19h30\u00a0par Christian Lavarenne A L&#8217;UNESCO \u00e0 PARIS L&#8217;Unesco \u00e0 Paris \u00a0organise une journ\u00e9e Sp\u00e9ciale \u00a0le \u00a0lundi 11 d\u00e9cembre 2017 pour cl\u00f4turer l&#8217;ann\u00e9e Zamenhof. Il sera question, en particulier de la version du Courrier de l&#8217;Unesco en esp\u00e9ranto.\u00a0 https:\/\/esperanto-france.org\/annee-zamenhof<\/p>\n","protected":false},"author":6,"featured_media":140,"comment_status":"open","ping_status":"open","sticky":false,"template":"","format":"standard","meta":{"footnotes":""},"categories":[4],"tags":[],"class_list":["post-139","post","type-post","status-publish","format-standard","has-post-thumbnail","hentry","category-renkontijoj"],"translation":{"provider":"WPGlobus","version":"3.0.2","language":"eo","enabled_languages":["fr","eo"],"languages":{"fr":{"title":true,"content":true,"excerpt":false},"eo":{"title":false,"content":false,"excerpt":false}}},"aioseo_notices":[],"_links":{"self":[{"href":"https:\/\/esperanto-gironde.fr\/eo\/wp-json\/wp\/v2\/posts\/139","targetHints":{"allow":["GET"]}}],"collection":[{"href":"https:\/\/esperanto-gironde.fr\/eo\/wp-json\/wp\/v2\/posts"}],"about":[{"href":"https:\/\/esperanto-gironde.fr\/eo\/wp-json\/wp\/v2\/types\/post"}],"author":[{"embeddable":true,"href":"https:\/\/esperanto-gironde.fr\/eo\/wp-json\/wp\/v2\/users\/6"}],"replies":[{"embeddable":true,"href":"https:\/\/esperanto-gironde.fr\/eo\/wp-json\/wp\/v2\/comments?post=139"}],"version-history":[{"count":10,"href":"https:\/\/esperanto-gironde.fr\/eo\/wp-json\/wp\/v2\/posts\/139\/revisions"}],"predecessor-version":[{"id":2911,"href":"https:\/\/esperanto-gironde.fr\/eo\/wp-json\/wp\/v2\/posts\/139\/revisions\/2911"}],"wp:featuredmedia":[{"embeddable":true,"href":"https:\/\/esperanto-gironde.fr\/eo\/wp-json\/wp\/v2\/media\/140"}],"wp:attachment":[{"href":"https:\/\/esperanto-gironde.fr\/eo\/wp-json\/wp\/v2\/media?parent=139"}],"wp:term":[{"taxonomy":"category","embeddable":true,"href":"https:\/\/esperanto-gironde.fr\/eo\/wp-json\/wp\/v2\/categories?post=139"},{"taxonomy":"post_tag","embeddable":true,"href":"https:\/\/esperanto-gironde.fr\/eo\/wp-json\/wp\/v2\/tags?post=139"}],"curies":[{"name":"wp","href":"https:\/\/api.w.org\/{rel}","templated":true}]}}