{"id":2547,"date":"2023-01-13T16:31:36","date_gmt":"2023-01-13T15:31:36","guid":{"rendered":"https:\/\/esperanto-gironde.fr\/?p=2547"},"modified":"2023-01-13T16:31:36","modified_gmt":"2023-01-13T15:31:36","slug":"rencontre-de-deux-ukrainiens","status":"publish","type":"post","link":"https:\/\/esperanto-gironde.fr\/eo\/2023\/01\/rencontre-de-deux-ukrainiens\/","title":{"rendered":"Rencontre de deux Ukrainiens"},"content":{"rendered":"<div class=\"\">Lundi prochain 16\/01\/23 Valentyna Gradzion et Volodimir Hordijenko, esperantistes de Kijiv (Ukraine) participeront \u00e0 notre rencontre hebdomadaire \u00e0 partir de 14h \u00e0 la m\u00e9diath\u00e8que Jacques Rivi\u00e8re, 2 avenue Vincent Auriol \u00e0 Cenon.<\/div>\n<div class=\"\">Valentyna qui \u00e9tait venue au printemps d\u00e9j\u00e0 avait pr\u00e9sent\u00e9 une conf\u00e9rence sur les beaut\u00e9s de l\u2019Ukraine \u00e0 la salle Simone Signoret.<\/div>\n<div class=\"\">Volodimir est le d\u00e9l\u00e9gu\u00e9 de Pasporta Servo en Ukraine.<\/div>\n<div class=\"\">Venez nombreux pour \u00e9changer avec ces sympathiques esp\u00e9rantistes&#8230;<\/div>\n<div><\/div>\n<div class=\"\"><img loading=\"lazy\" decoding=\"async\" class=\"size-medium wp-image-2548 aligncenter\" src=\"https:\/\/esperanto-gironde.fr\/wp-content\/uploads\/2023\/01\/eo_ukraine-225x300.jpeg\" alt=\"\" width=\"225\" height=\"300\" srcset=\"https:\/\/esperanto-gironde.fr\/wp-content\/uploads\/2023\/01\/eo_ukraine-225x300.jpeg 225w, https:\/\/esperanto-gironde.fr\/wp-content\/uploads\/2023\/01\/eo_ukraine.jpeg 479w\" sizes=\"auto, (max-width: 225px) 100vw, 225px\" \/><\/div>\n","protected":false},"excerpt":{"rendered":"<p>Lundi prochain 16\/01\/23 Valentyna Gradzion et Volodimir Hordijenko, esperantistes de Kijiv (Ukraine) participeront \u00e0 notre rencontre hebdomadaire \u00e0 partir de 14h \u00e0 la m\u00e9diath\u00e8que Jacques Rivi\u00e8re, 2 avenue Vincent Auriol \u00e0 Cenon. Valentyna qui \u00e9tait venue au printemps d\u00e9j\u00e0 avait pr\u00e9sent\u00e9 une conf\u00e9rence sur les beaut\u00e9s de l\u2019Ukraine \u00e0 la salle Simone Signoret. Volodimir est &hellip; <\/p>\n<p class=\"link-more\"><a href=\"https:\/\/esperanto-gironde.fr\/eo\/2023\/01\/rencontre-de-deux-ukrainiens\/\" class=\"more-link\">Da\u016drigi legadon<span class=\"screen-reader-text\"> &#8220;Rencontre de deux Ukrainiens&#8221;<\/span><\/a><\/p>\n","protected":false},"author":6,"featured_media":0,"comment_status":"closed","ping_status":"closed","sticky":false,"template":"","format":"standard","meta":{"footnotes":""},"categories":[4],"tags":[17],"class_list":["post-2547","post","type-post","status-publish","format-standard","hentry","category-renkontijoj","tag-ukraine"],"translation":{"provider":"WPGlobus","version":"3.0.2","language":"eo","enabled_languages":["fr","eo"],"languages":{"fr":{"title":true,"content":true,"excerpt":false},"eo":{"title":false,"content":false,"excerpt":false}}},"aioseo_notices":[],"_links":{"self":[{"href":"https:\/\/esperanto-gironde.fr\/eo\/wp-json\/wp\/v2\/posts\/2547","targetHints":{"allow":["GET"]}}],"collection":[{"href":"https:\/\/esperanto-gironde.fr\/eo\/wp-json\/wp\/v2\/posts"}],"about":[{"href":"https:\/\/esperanto-gironde.fr\/eo\/wp-json\/wp\/v2\/types\/post"}],"author":[{"embeddable":true,"href":"https:\/\/esperanto-gironde.fr\/eo\/wp-json\/wp\/v2\/users\/6"}],"replies":[{"embeddable":true,"href":"https:\/\/esperanto-gironde.fr\/eo\/wp-json\/wp\/v2\/comments?post=2547"}],"version-history":[{"count":3,"href":"https:\/\/esperanto-gironde.fr\/eo\/wp-json\/wp\/v2\/posts\/2547\/revisions"}],"predecessor-version":[{"id":2551,"href":"https:\/\/esperanto-gironde.fr\/eo\/wp-json\/wp\/v2\/posts\/2547\/revisions\/2551"}],"wp:attachment":[{"href":"https:\/\/esperanto-gironde.fr\/eo\/wp-json\/wp\/v2\/media?parent=2547"}],"wp:term":[{"taxonomy":"category","embeddable":true,"href":"https:\/\/esperanto-gironde.fr\/eo\/wp-json\/wp\/v2\/categories?post=2547"},{"taxonomy":"post_tag","embeddable":true,"href":"https:\/\/esperanto-gironde.fr\/eo\/wp-json\/wp\/v2\/tags?post=2547"}],"curies":[{"name":"wp","href":"https:\/\/api.w.org\/{rel}","templated":true}]}}