{"id":2821,"date":"2023-10-30T23:30:37","date_gmt":"2023-10-30T22:30:37","guid":{"rendered":"https:\/\/esperanto-gironde.fr\/?p=2821"},"modified":"2023-10-31T00:03:57","modified_gmt":"2023-10-30T23:03:57","slug":"cafe-des-langues-a-pessac-2","status":"publish","type":"post","link":"https:\/\/esperanto-gironde.fr\/eo\/2023\/10\/cafe-des-langues-a-pessac-2\/","title":{"rendered":"Lingva kafejo en Pessac"},"content":{"rendered":"\n<p>La venonta lingva kafejo okazos <strong>merkrede la 15an de novembro<\/strong> 2023 en la kinejo Jean Eustache en Pessac je la 6a PM. \u0108i tiu evento estas direktita al \u0109iuj individuoj de \u0109iuj a\u011doj. Flagoj estas metitaj sur la tablojn. Vi devas elekti la lingvon en kiu vi deziras konversacii (Esperanto \ud83d\ude09) dum la vespero kaj vi sidas \u0109e la tablo, sur kiu trovi\u011das la referenca flago.<\/p>\n","protected":false},"excerpt":{"rendered":"<p>La venonta lingva kafejo okazos merkrede la 15an de novembro 2023 en la kinejo Jean Eustache en Pessac je la 6a PM. \u0108i tiu evento estas direktita al \u0109iuj individuoj de \u0109iuj a\u011doj. Flagoj estas metitaj sur la tablojn. Vi devas elekti la lingvon en kiu vi deziras konversacii (Esperanto \ud83d\ude09) dum la vespero kaj &hellip; <\/p>\n<p class=\"link-more\"><a href=\"https:\/\/esperanto-gironde.fr\/eo\/2023\/10\/cafe-des-langues-a-pessac-2\/\" class=\"more-link\">Da\u016drigi legadon<span class=\"screen-reader-text\"> &#8220;Lingva kafejo en Pessac&#8221;<\/span><\/a><\/p>\n","protected":false},"author":6,"featured_media":0,"comment_status":"closed","ping_status":"closed","sticky":false,"template":"","format":"standard","meta":{"footnotes":""},"categories":[4],"tags":[],"class_list":["post-2821","post","type-post","status-publish","format-standard","hentry","category-renkontijoj"],"translation":{"provider":"WPGlobus","version":"3.0.2","language":"eo","enabled_languages":["fr","eo"],"languages":{"fr":{"title":true,"content":true,"excerpt":false},"eo":{"title":true,"content":true,"excerpt":false}}},"aioseo_notices":[],"_links":{"self":[{"href":"https:\/\/esperanto-gironde.fr\/eo\/wp-json\/wp\/v2\/posts\/2821","targetHints":{"allow":["GET"]}}],"collection":[{"href":"https:\/\/esperanto-gironde.fr\/eo\/wp-json\/wp\/v2\/posts"}],"about":[{"href":"https:\/\/esperanto-gironde.fr\/eo\/wp-json\/wp\/v2\/types\/post"}],"author":[{"embeddable":true,"href":"https:\/\/esperanto-gironde.fr\/eo\/wp-json\/wp\/v2\/users\/6"}],"replies":[{"embeddable":true,"href":"https:\/\/esperanto-gironde.fr\/eo\/wp-json\/wp\/v2\/comments?post=2821"}],"version-history":[{"count":8,"href":"https:\/\/esperanto-gironde.fr\/eo\/wp-json\/wp\/v2\/posts\/2821\/revisions"}],"predecessor-version":[{"id":2877,"href":"https:\/\/esperanto-gironde.fr\/eo\/wp-json\/wp\/v2\/posts\/2821\/revisions\/2877"}],"wp:attachment":[{"href":"https:\/\/esperanto-gironde.fr\/eo\/wp-json\/wp\/v2\/media?parent=2821"}],"wp:term":[{"taxonomy":"category","embeddable":true,"href":"https:\/\/esperanto-gironde.fr\/eo\/wp-json\/wp\/v2\/categories?post=2821"},{"taxonomy":"post_tag","embeddable":true,"href":"https:\/\/esperanto-gironde.fr\/eo\/wp-json\/wp\/v2\/tags?post=2821"}],"curies":[{"name":"wp","href":"https:\/\/api.w.org\/{rel}","templated":true}]}}