{"id":3773,"date":"2024-11-01T14:23:24","date_gmt":"2024-11-01T13:23:24","guid":{"rendered":"https:\/\/esperanto-gironde.fr\/?p=3773"},"modified":"2024-11-28T10:30:56","modified_gmt":"2024-11-28T09:30:56","slug":"8-decembre-2024-concert-fete-de-lesperanto","status":"publish","type":"post","link":"https:\/\/esperanto-gironde.fr\/eo\/2024\/11\/8-decembre-2024-concert-fete-de-lesperanto\/","title":{"rendered":"8 d\u00e9cembre 2024 : Concert \/ F\u00eate de l&#8217;Esp\u00e9ranto"},"content":{"rendered":"\n<figure class=\"wp-block-image size-large\"><img loading=\"lazy\" decoding=\"async\" width=\"724\" height=\"1024\" src=\"https:\/\/esperanto-gironde.fr\/wp-content\/uploads\/Christian-Leduc-afiso-c-ruga-1-pdf-724x1024.jpg\" alt=\"\" class=\"wp-image-3774\"\/><\/figure>\n\n\n\n<figure class=\"wp-block-table\"><table class=\"has-fixed-layout\"><tbody><tr><td class=\"has-text-align-center\" data-align=\"center\">\u00c0 l&#8217;occasion des 137 ans de l&#8217;esp\u00e9ranto, nous organisons un concert :<br><br>\u201c<strong>Barricades \u2013 M\u00e9moires de partageux\u201d<\/strong><br><strong>un spectacle d\u2019\u00e9ducation populaire de Christian Leduc<\/strong><\/td><\/tr><\/tbody><\/table><\/figure>\n\n\n\n<figure class=\"wp-block-table\"><table class=\"has-fixed-layout\"><tbody><tr><td class=\"has-text-align-left\" data-align=\"left\">Avec sa guitare \u00e0 textes et ses chansons \u00e0 cordes, une voix chaleureuse, une pointe d\u2019humour dr\u00f4le \ud83d\ude09 et tellement de sensibilit\u00e9, ce joueur de mots chante passions et r\u00e9voltes depuis une trentaine d\u2019ann\u00e9es dans les lieux \u00e0 taille humaine de libert\u00e9 d\u2019expression !!<br><br><br>Avec ce spectacle, Christian Leduc convie \u00e0 un voyage m\u00e9moriel dans les racines libertaires de l\u2019Histoire des r\u00e9voltes sociales.<br>En plus de quelques-unes de ses chansons artisanales et rebelles, il interpr\u00e8te \u00e0 sa fa\u00e7on des cr\u00e9ations (ou reprises) de Jean-Baptiste Cl\u00e9ment, Igor Agar, Serge Utge-Royo, LaReplik, Marc Ogeret, Le Cri du Peuple, Jules Jouy, Mich\u00e8le Bernard, Agn\u00e8s Bihl, Ralph Chaplin, Jean Baumgarten, Corrigan Fest, La Fianc\u00e9e du Pirate, Compagnie Jolie M\u00f4me,<br>Ren\u00e9 Binam\u00e9, Valeriano Orob\u00f3n Fern\u00e1ndez, JoMo, Paul Paillette, \u00c9tienne Roda-Gil, B\u00e9rurier Noir, L\u00e9o Ferr\u00e9, Louise Michel,&#8230;<br><br>Avec une superbe fresque sign\u00e9e Gines Maldonado, c\u2019est un p\u00e9riple musical entre 1871 et notre d\u00e9but de XXI\u00e8me si\u00e8cle&#8230; en passant par Paris, la Kanaky, Chicago, l&#8217;Ukraine, Barcelone et le quartier d\u2019Exarcheia \u00e0 Ath\u00e8nes\u2026<br><br><br><em>S\u2019inspirer de l\u2019exp\u00e9rience de nos grands-fr\u00e8res et grandes-s\u0153urs pour construire un monde meilleur\u2026<\/em><br><br><br> \u2013 Bande annonce du spectacle <a href=\"https:\/\/www.yiny.org\/w\/efiJPopnQ43pJnkjXydCeF\"><u>https:\/\/www.yiny.org\/w\/efiJPopnQ43pJnkjXydCeF<\/u><\/a><br>\u2013 Clip <em>\u201cQue sera demain <\/em>?\u201d <a href=\"https:\/\/www.yiny.org\/w\/ezhtGDeiqQ3cX6V4RDc3bU\"><u>https:\/\/www.yiny.org\/w\/ezhtGDeiqQ3cX6V4RDc3bU<\/u><\/a><br><br><strong>Spectacle propos\u00e9 par Esperanto-Gironde,<\/strong><br>association qui promeut et enseigne l&#8217;Esperanto, langue internationale \u00e0 valeur humaniste.<br><\/td><\/tr><\/tbody><\/table><\/figure>\n\n\n\n<figure class=\"wp-block-table\"><table class=\"has-fixed-layout\"><tbody><tr><td class=\"has-text-align-center\" data-align=\"center\">B<strong><strong>arricades &#8211; M\u00e9moires de partageux<\/strong><\/strong><br><strong>Les r\u00e9voltes sociales de 1871 \u00e0 nos jours<\/strong><br><strong>Dimanche 8 d\u00e9cembre 2024<\/strong><br>\u00c0 15h00 (accueil \u00e0 14h30)<br>Salle de France<br>39 rue Anatole France<br>\u00c0 Pessac.<\/td><\/tr><\/tbody><\/table><\/figure>\n\n\n\n<p><\/p>\n","protected":false},"excerpt":{"rendered":"<p>\u00c0 l&#8217;occasion des 137 ans de l&#8217;esp\u00e9ranto, nous organisons un concert : \u201cBarricades \u2013 M\u00e9moires de partageux\u201dun spectacle d\u2019\u00e9ducation populaire de Christian Leduc Avec sa guitare \u00e0 textes et ses chansons \u00e0 cordes, une voix chaleureuse, une pointe d\u2019humour dr\u00f4le \ud83d\ude09 et tellement de sensibilit\u00e9, ce joueur de mots chante passions et r\u00e9voltes depuis une &hellip; <\/p>\n<p class=\"link-more\"><a href=\"https:\/\/esperanto-gironde.fr\/eo\/2024\/11\/8-decembre-2024-concert-fete-de-lesperanto\/\" class=\"more-link\">Da\u016drigi legadon<span class=\"screen-reader-text\"> &#8220;8 d\u00e9cembre 2024 : Concert \/ F\u00eate de l&#8217;Esp\u00e9ranto&#8221;<\/span><\/a><\/p>\n","protected":false},"author":6,"featured_media":0,"comment_status":"closed","ping_status":"closed","sticky":false,"template":"","format":"standard","meta":{"footnotes":""},"categories":[4],"tags":[],"class_list":["post-3773","post","type-post","status-publish","format-standard","hentry","category-renkontijoj"],"translation":{"provider":"WPGlobus","version":"3.0.2","language":"eo","enabled_languages":["fr","eo"],"languages":{"fr":{"title":true,"content":true,"excerpt":false},"eo":{"title":false,"content":false,"excerpt":false}}},"aioseo_notices":[],"_links":{"self":[{"href":"https:\/\/esperanto-gironde.fr\/eo\/wp-json\/wp\/v2\/posts\/3773","targetHints":{"allow":["GET"]}}],"collection":[{"href":"https:\/\/esperanto-gironde.fr\/eo\/wp-json\/wp\/v2\/posts"}],"about":[{"href":"https:\/\/esperanto-gironde.fr\/eo\/wp-json\/wp\/v2\/types\/post"}],"author":[{"embeddable":true,"href":"https:\/\/esperanto-gironde.fr\/eo\/wp-json\/wp\/v2\/users\/6"}],"replies":[{"embeddable":true,"href":"https:\/\/esperanto-gironde.fr\/eo\/wp-json\/wp\/v2\/comments?post=3773"}],"version-history":[{"count":3,"href":"https:\/\/esperanto-gironde.fr\/eo\/wp-json\/wp\/v2\/posts\/3773\/revisions"}],"predecessor-version":[{"id":3786,"href":"https:\/\/esperanto-gironde.fr\/eo\/wp-json\/wp\/v2\/posts\/3773\/revisions\/3786"}],"wp:attachment":[{"href":"https:\/\/esperanto-gironde.fr\/eo\/wp-json\/wp\/v2\/media?parent=3773"}],"wp:term":[{"taxonomy":"category","embeddable":true,"href":"https:\/\/esperanto-gironde.fr\/eo\/wp-json\/wp\/v2\/categories?post=3773"},{"taxonomy":"post_tag","embeddable":true,"href":"https:\/\/esperanto-gironde.fr\/eo\/wp-json\/wp\/v2\/tags?post=3773"}],"curies":[{"name":"wp","href":"https:\/\/api.w.org\/{rel}","templated":true}]}}