{"id":3990,"date":"2025-04-04T14:28:08","date_gmt":"2025-04-04T12:28:08","guid":{"rendered":"https:\/\/esperanto-gironde.fr\/?p=3990"},"modified":"2025-04-22T16:32:39","modified_gmt":"2025-04-22T14:32:39","slug":"1er-mai-esperantiste","status":"publish","type":"post","link":"https:\/\/esperanto-gironde.fr\/eo\/2025\/04\/1er-mai-esperantiste\/","title":{"rendered":"1-a de majo 2025"},"content":{"rendered":"\n<figure class=\"wp-block-image size-full\"><img loading=\"lazy\" decoding=\"async\" width=\"568\" height=\"219\" src=\"https:\/\/esperanto-gironde.fr\/wp-content\/uploads\/Banderolo.jpg\" alt=\"\" class=\"wp-image-3416\" srcset=\"https:\/\/esperanto-gironde.fr\/wp-content\/uploads\/Banderolo.jpg 568w, https:\/\/esperanto-gironde.fr\/wp-content\/uploads\/Banderolo-300x116.jpg 300w\" sizes=\"auto, (max-width: 568px) 100vw, 568px\" \/><\/figure>\n\n\n\n<p>Venu mar\u015di portante nian esperantkoloran banderolon \u0109e la manifestacio de la 1-a de majo 2025.<\/p>\n\n\n\n<p>Renkonti\u011du \u0109e la deirpunkto, PLACE DE LA R\u00c9PUBLIQUE JE LA 10a.<br>Vi rekonos la esperantistojn per iliaj banderolo kaj flago apud la militmonumento.<\/p>\n\n\n<div class=\"wp-block-image\">\n<figure class=\"aligncenter size-large is-resized\"><img loading=\"lazy\" decoding=\"async\" width=\"768\" height=\"1024\" src=\"https:\/\/esperanto-gironde.fr\/wp-content\/uploads\/Militmonumento-768x1024.jpg\" alt=\"\" class=\"wp-image-4022\" style=\"width:253px;height:auto\" srcset=\"https:\/\/esperanto-gironde.fr\/wp-content\/uploads\/Militmonumento-768x1024.jpg 768w, https:\/\/esperanto-gironde.fr\/wp-content\/uploads\/Militmonumento-225x300.jpg 225w, https:\/\/esperanto-gironde.fr\/wp-content\/uploads\/Militmonumento-1152x1536.jpg 1152w, https:\/\/esperanto-gironde.fr\/wp-content\/uploads\/Militmonumento-1536x2048.jpg 1536w, https:\/\/esperanto-gironde.fr\/wp-content\/uploads\/Militmonumento-1320x1760.jpg 1320w, https:\/\/esperanto-gironde.fr\/wp-content\/uploads\/Militmonumento.jpg 1920w\" sizes=\"auto, (max-width: 706px) 89vw, (max-width: 767px) 82vw, 740px\" \/><\/figure>\n<\/div>","protected":false},"excerpt":{"rendered":"<p>Venu mar\u015di portante nian esperantkoloran banderolon \u0109e la manifestacio de la 1-a de majo 2025. Renkonti\u011du \u0109e la deirpunkto, PLACE DE LA R\u00c9PUBLIQUE JE LA 10a.Vi rekonos la esperantistojn per iliaj banderolo kaj flago apud la militmonumento.<\/p>\n","protected":false},"author":6,"featured_media":0,"comment_status":"open","ping_status":"open","sticky":false,"template":"","format":"standard","meta":{"footnotes":""},"categories":[4],"tags":[],"class_list":["post-3990","post","type-post","status-publish","format-standard","hentry","category-renkontijoj"],"translation":{"provider":"WPGlobus","version":"3.0.2","language":"eo","enabled_languages":["fr","eo"],"languages":{"fr":{"title":true,"content":true,"excerpt":false},"eo":{"title":true,"content":true,"excerpt":false}}},"aioseo_notices":[],"_links":{"self":[{"href":"https:\/\/esperanto-gironde.fr\/eo\/wp-json\/wp\/v2\/posts\/3990","targetHints":{"allow":["GET"]}}],"collection":[{"href":"https:\/\/esperanto-gironde.fr\/eo\/wp-json\/wp\/v2\/posts"}],"about":[{"href":"https:\/\/esperanto-gironde.fr\/eo\/wp-json\/wp\/v2\/types\/post"}],"author":[{"embeddable":true,"href":"https:\/\/esperanto-gironde.fr\/eo\/wp-json\/wp\/v2\/users\/6"}],"replies":[{"embeddable":true,"href":"https:\/\/esperanto-gironde.fr\/eo\/wp-json\/wp\/v2\/comments?post=3990"}],"version-history":[{"count":6,"href":"https:\/\/esperanto-gironde.fr\/eo\/wp-json\/wp\/v2\/posts\/3990\/revisions"}],"predecessor-version":[{"id":4025,"href":"https:\/\/esperanto-gironde.fr\/eo\/wp-json\/wp\/v2\/posts\/3990\/revisions\/4025"}],"wp:attachment":[{"href":"https:\/\/esperanto-gironde.fr\/eo\/wp-json\/wp\/v2\/media?parent=3990"}],"wp:term":[{"taxonomy":"category","embeddable":true,"href":"https:\/\/esperanto-gironde.fr\/eo\/wp-json\/wp\/v2\/categories?post=3990"},{"taxonomy":"post_tag","embeddable":true,"href":"https:\/\/esperanto-gironde.fr\/eo\/wp-json\/wp\/v2\/tags?post=3990"}],"curies":[{"name":"wp","href":"https:\/\/api.w.org\/{rel}","templated":true}]}}