{"id":4174,"date":"2026-01-17T11:07:41","date_gmt":"2026-01-17T10:07:41","guid":{"rendered":"https:\/\/esperanto-gironde.fr\/?p=4174"},"modified":"2026-01-25T10:14:00","modified_gmt":"2026-01-25T09:14:00","slug":"decouverte-de-lesperanto-a-sainte-helene","status":"publish","type":"post","link":"https:\/\/esperanto-gironde.fr\/eo\/2026\/01\/decouverte-de-lesperanto-a-sainte-helene\/","title":{"rendered":"Malkovro de Esperanto"},"content":{"rendered":"<p>Kunlabore kun la nove fondita asocio \u00c9curieux, ni organizos malkovron al Esperanto en Sainte-H\u00e9l\u00e8ne je:<\/p>\n<p style=\"text-align: center;\"><strong><span style=\"color: #e03e2d;\">Lundo 9an de februaro 2026 je la 6a vespere<\/span><\/strong><br \/>\nFoyer des soci\u00e9t\u00e9s<br \/>\nAll\u00e9e du Stade<br \/>\n33480 Sainte-H\u00e9l\u00e8ne<\/p>\n<p>Estos spektado de la dokumenta filmo &#8220;ESP\u00c9RANTO de la gen\u00e8se \u00e0 la conqu\u00eate de l&#8217;Europe&#8221;, sekvata de demando-responda sesio.<br \/>\nLa evento estas malfermita al \u0109iuj, \u0109u ili parolas Esperanton a\u016d ne, kaj \u0109u ili estas membroj de Les \u00c9curieux a\u016d ne.<\/p>\n","protected":false},"excerpt":{"rendered":"<p>Kunlabore kun la nove fondita asocio \u00c9curieux, ni organizos malkovron al Esperanto en Sainte-H\u00e9l\u00e8ne je: Lundo 9an de februaro 2026 je la 6a vespere Foyer des soci\u00e9t\u00e9s All\u00e9e du Stade 33480 Sainte-H\u00e9l\u00e8ne Estos spektado de la dokumenta filmo &#8220;ESP\u00c9RANTO de la gen\u00e8se \u00e0 la conqu\u00eate de l&#8217;Europe&#8221;, sekvata de demando-responda sesio. La evento estas malfermita &hellip; <\/p>\n<p class=\"link-more\"><a href=\"https:\/\/esperanto-gironde.fr\/eo\/2026\/01\/decouverte-de-lesperanto-a-sainte-helene\/\" class=\"more-link\">Da\u016drigi legadon<span class=\"screen-reader-text\"> &#8220;Malkovro de Esperanto&#8221;<\/span><\/a><\/p>\n","protected":false},"author":6,"featured_media":4175,"comment_status":"closed","ping_status":"closed","sticky":false,"template":"","format":"standard","meta":{"footnotes":""},"categories":[4],"tags":[],"class_list":["post-4174","post","type-post","status-publish","format-standard","has-post-thumbnail","hentry","category-renkontijoj"],"translation":{"provider":"WPGlobus","version":"3.0.2","language":"eo","enabled_languages":["fr","eo"],"languages":{"fr":{"title":true,"content":true,"excerpt":false},"eo":{"title":true,"content":true,"excerpt":false}}},"aioseo_notices":[],"_links":{"self":[{"href":"https:\/\/esperanto-gironde.fr\/eo\/wp-json\/wp\/v2\/posts\/4174","targetHints":{"allow":["GET"]}}],"collection":[{"href":"https:\/\/esperanto-gironde.fr\/eo\/wp-json\/wp\/v2\/posts"}],"about":[{"href":"https:\/\/esperanto-gironde.fr\/eo\/wp-json\/wp\/v2\/types\/post"}],"author":[{"embeddable":true,"href":"https:\/\/esperanto-gironde.fr\/eo\/wp-json\/wp\/v2\/users\/6"}],"replies":[{"embeddable":true,"href":"https:\/\/esperanto-gironde.fr\/eo\/wp-json\/wp\/v2\/comments?post=4174"}],"version-history":[{"count":4,"href":"https:\/\/esperanto-gironde.fr\/eo\/wp-json\/wp\/v2\/posts\/4174\/revisions"}],"predecessor-version":[{"id":4181,"href":"https:\/\/esperanto-gironde.fr\/eo\/wp-json\/wp\/v2\/posts\/4174\/revisions\/4181"}],"wp:featuredmedia":[{"embeddable":true,"href":"https:\/\/esperanto-gironde.fr\/eo\/wp-json\/wp\/v2\/media\/4175"}],"wp:attachment":[{"href":"https:\/\/esperanto-gironde.fr\/eo\/wp-json\/wp\/v2\/media?parent=4174"}],"wp:term":[{"taxonomy":"category","embeddable":true,"href":"https:\/\/esperanto-gironde.fr\/eo\/wp-json\/wp\/v2\/categories?post=4174"},{"taxonomy":"post_tag","embeddable":true,"href":"https:\/\/esperanto-gironde.fr\/eo\/wp-json\/wp\/v2\/tags?post=4174"}],"curies":[{"name":"wp","href":"https:\/\/api.w.org\/{rel}","templated":true}]}}